{"id":2263,"date":"2020-04-27T23:09:31","date_gmt":"2020-04-27T21:09:31","guid":{"rendered":"http:\/\/gtff.se\/?p=2263"},"modified":"2020-04-27T23:11:15","modified_gmt":"2020-04-27T21:11:15","slug":"trakiga-besked-coronavaren-2020-ingen-valborgsbrasa-och-oklart-med-midsommar","status":"publish","type":"post","link":"http:\/\/gtff.se\/index.php\/2020\/04\/27\/trakiga-besked-coronavaren-2020-ingen-valborgsbrasa-och-oklart-med-midsommar\/","title":{"rendered":"Tr\u00e5kiga besked Coronav\u00e5ren 2020 &#8211; ingen Valborgsbrasa och oklart med Midsommar"},"content":{"rendered":"<p>I kv\u00e4ll har styrelsen fattat beslut att st\u00e4lla in Valborgsm\u00e4ssobrasan i \u00e5r. Det k\u00e4nns tr\u00e5kigt och vi v\u00e4ntade in i det sista, men givet s\u00e5 tydliga besked fr\u00e5n ansvariga k\u00e4ndes det som enda m\u00f6jligheten.<\/p>\n<p>Vi inledde ocks\u00e5 en f\u00f6rsta diskussion om hur vi ska g\u00f6ra med Midsommar som ju \u00e4r en betydligt st\u00f6rre tillst\u00e4llning med v\u00e4ldigt m\u00e5nga fler deltagare och samtidigt n\u00e5got som skulle k\u00e4nnas betydligt sv\u00e5rare att st\u00e4lla in helt. Styrelsen best\u00e4mde tillsammans med eventgruppens representanter att h\u00e5lla ett styrelsem\u00f6te den 2 juni f\u00f6r att bl.a. fatta beslut om detta. Vi kommer d\u00e5 ta diskussionen utifr\u00e5n hur situationen utvecklats och vilka f\u00f6rh\u00e5llningsregler som g\u00e4ller d\u00e5.<\/p>\n<p>Vi h\u00e5ller tummarna f\u00f6r att vi om en m\u00e5nad \u00e4r i ett l\u00e4ge d\u00e4r vi kan genomf\u00f6ra \u00e5tminstone delar av v\u00e5rt traditionella midsommarfirande!<\/p>\n<p>H\u00e4lsningar fr\u00e5n styrelsen i GTFF genom Filippa<\/p>\n","protected":false},"excerpt":{"rendered":"<p>I kv\u00e4ll har styrelsen fattat beslut att st\u00e4lla in Valborgsm\u00e4ssobrasan i \u00e5r. Det k\u00e4nns tr\u00e5kigt och vi v\u00e4ntade in i det sista, men givet s\u00e5 tydliga besked fr\u00e5n ansvariga k\u00e4ndes det som enda m\u00f6jligheten. Vi inledde ocks\u00e5 en f\u00f6rsta diskussion om hur vi ska g\u00f6ra med Midsommar som ju \u00e4r en betydligt st\u00f6rre tillst\u00e4llning med&#8230;  <a class=\"excerpt-read-more\" href=\"http:\/\/gtff.se\/index.php\/2020\/04\/27\/trakiga-besked-coronavaren-2020-ingen-valborgsbrasa-och-oklart-med-midsommar\/\" title=\"Read Tr\u00e5kiga besked Coronav\u00e5ren 2020 &#8211; ingen Valborgsbrasa och oklart med Midsommar\">L\u00e4s mera &raquo;<\/a><\/p>\n","protected":false},"author":9,"featured_media":0,"comment_status":"open","ping_status":"open","sticky":false,"template":"","format":"standard","meta":[],"categories":[1],"tags":[],"_links":{"self":[{"href":"http:\/\/gtff.se\/index.php\/wp-json\/wp\/v2\/posts\/2263"}],"collection":[{"href":"http:\/\/gtff.se\/index.php\/wp-json\/wp\/v2\/posts"}],"about":[{"href":"http:\/\/gtff.se\/index.php\/wp-json\/wp\/v2\/types\/post"}],"author":[{"embeddable":true,"href":"http:\/\/gtff.se\/index.php\/wp-json\/wp\/v2\/users\/9"}],"replies":[{"embeddable":true,"href":"http:\/\/gtff.se\/index.php\/wp-json\/wp\/v2\/comments?post=2263"}],"version-history":[{"count":3,"href":"http:\/\/gtff.se\/index.php\/wp-json\/wp\/v2\/posts\/2263\/revisions"}],"predecessor-version":[{"id":2266,"href":"http:\/\/gtff.se\/index.php\/wp-json\/wp\/v2\/posts\/2263\/revisions\/2266"}],"wp:attachment":[{"href":"http:\/\/gtff.se\/index.php\/wp-json\/wp\/v2\/media?parent=2263"}],"wp:term":[{"taxonomy":"category","embeddable":true,"href":"http:\/\/gtff.se\/index.php\/wp-json\/wp\/v2\/categories?post=2263"},{"taxonomy":"post_tag","embeddable":true,"href":"http:\/\/gtff.se\/index.php\/wp-json\/wp\/v2\/tags?post=2263"}],"curies":[{"name":"wp","href":"https:\/\/api.w.org\/{rel}","templated":true}]}}