{"id":1411,"date":"2018-01-30T11:03:21","date_gmt":"2018-01-30T10:03:21","guid":{"rendered":"http:\/\/gtff.se\/?p=1411"},"modified":"2018-02-23T16:56:58","modified_gmt":"2018-02-23T15:56:58","slug":"arstamma-gtff","status":"publish","type":"post","link":"https:\/\/gtff.se\/index.php\/2018\/01\/30\/arstamma-gtff\/","title":{"rendered":"\u00c5rst\u00e4mma GTFF"},"content":{"rendered":"<p>I \u00e5r blir st\u00e4mman den 14 mars vid \u00c5rstatorg (samma adress som f\u00f6rra \u00e5ret). GTK b\u00f6rjar sin st\u00e4mma kl 18.00, d\u00e4refter\u00a0 GTFF ca kl 19.00. V\u00e4gsamf\u00e4lligheten avslutar som vanligt med sin st\u00e4mma.H\u00e4r kommer tillh\u00f6rande dokumentation.\u00a0<a href=\"http:\/\/gtff.se\/wp-content\/uploads\/2018\/01\/Budget_A_2018.pdf\">Budget_A_2018<\/a> <a href=\"http:\/\/gtff.se\/wp-content\/uploads\/2018\/01\/Budget_B_2018.pdf\">Budget_B_2018<\/a> <a href=\"http:\/\/gtff.se\/wp-content\/uploads\/2018\/01\/Budget_och_arsavgift.pdf\">Budget_och_arsavgift<\/a> <a href=\"http:\/\/gtff.se\/wp-content\/uploads\/2018\/01\/Fullmakt_2018.pdf\">Fullmakt_2018<\/a> \u00a0<a href=\"http:\/\/gtff.se\/wp-content\/uploads\/2018\/01\/GTFF-st\u00e4mmokallelse2017.pdf\">GTFF-st\u00e4mmokallelse2017<\/a> <a href=\"http:\/\/gtff.se\/wp-content\/uploads\/2018\/01\/Motion-ang\u00e5ende-b\u00e5tslip.pdf\">Motion ang\u00e5ende b\u00e5tslip<\/a> <a href=\"http:\/\/gtff.se\/wp-content\/uploads\/2018\/01\/Motion-ang\u00e5ende-parkeringar.pdf\">Motion ang\u00e5ende parkeringar<\/a> <a href=\"http:\/\/gtff.se\/wp-content\/uploads\/2018\/01\/Motion-ang\u00e5ende-\u00f6steruddsbryggan.pdf\">Motion ang\u00e5ende \u00f6steruddsbryggan<\/a> <a href=\"http:\/\/gtff.se\/wp-content\/uploads\/2018\/01\/Motion_Biodling-i-omr\u00e5det..pdf\">Motion_Biodling i omr\u00e5det.<\/a> <a href=\"http:\/\/gtff.se\/wp-content\/uploads\/2018\/01\/scanned-Martin-V\u00f6lcker-20180221143408.pdf\">scanned-Martin V\u00f6lcker-20180221143408<\/a><a href=\"http:\/\/gtff.se\/wp-content\/uploads\/2018\/01\/Revisorernas-ber\u00e4ttelse.pdf\">Revisorernas ber\u00e4ttelse<\/a><\/p>\n<p>Hj\u00e4rtligt v\u00e4lkommen!<\/p>\n<p>&nbsp;<\/p>\n","protected":false},"excerpt":{"rendered":"<p>I \u00e5r blir st\u00e4mman den 14 mars vid \u00c5rstatorg (samma adress som f\u00f6rra \u00e5ret). GTK b\u00f6rjar sin st\u00e4mma kl 18.00, d\u00e4refter\u00a0 GTFF ca kl 19.00. V\u00e4gsamf\u00e4lligheten avslutar som vanligt med sin st\u00e4mma.H\u00e4r kommer tillh\u00f6rande dokumentation.\u00a0Budget_A_2018 Budget_B_2018 Budget_och_arsavgift Fullmakt_2018 \u00a0GTFF-st\u00e4mmokallelse2017 Motion ang\u00e5ende b\u00e5tslip Motion ang\u00e5ende parkeringar Motion ang\u00e5ende \u00f6steruddsbryggan Motion_Biodling i omr\u00e5det. scanned-Martin V\u00f6lcker-20180221143408Revisorernas ber\u00e4ttelse Hj\u00e4rtligt&#8230;  <a class=\"excerpt-read-more\" href=\"https:\/\/gtff.se\/index.php\/2018\/01\/30\/arstamma-gtff\/\" title=\"Read \u00c5rst\u00e4mma GTFF\">L\u00e4s mera &raquo;<\/a><\/p>\n","protected":false},"author":2,"featured_media":0,"comment_status":"open","ping_status":"open","sticky":false,"template":"","format":"standard","meta":[],"categories":[1],"tags":[],"_links":{"self":[{"href":"https:\/\/gtff.se\/index.php\/wp-json\/wp\/v2\/posts\/1411"}],"collection":[{"href":"https:\/\/gtff.se\/index.php\/wp-json\/wp\/v2\/posts"}],"about":[{"href":"https:\/\/gtff.se\/index.php\/wp-json\/wp\/v2\/types\/post"}],"author":[{"embeddable":true,"href":"https:\/\/gtff.se\/index.php\/wp-json\/wp\/v2\/users\/2"}],"replies":[{"embeddable":true,"href":"https:\/\/gtff.se\/index.php\/wp-json\/wp\/v2\/comments?post=1411"}],"version-history":[{"count":3,"href":"https:\/\/gtff.se\/index.php\/wp-json\/wp\/v2\/posts\/1411\/revisions"}],"predecessor-version":[{"id":1427,"href":"https:\/\/gtff.se\/index.php\/wp-json\/wp\/v2\/posts\/1411\/revisions\/1427"}],"wp:attachment":[{"href":"https:\/\/gtff.se\/index.php\/wp-json\/wp\/v2\/media?parent=1411"}],"wp:term":[{"taxonomy":"category","embeddable":true,"href":"https:\/\/gtff.se\/index.php\/wp-json\/wp\/v2\/categories?post=1411"},{"taxonomy":"post_tag","embeddable":true,"href":"https:\/\/gtff.se\/index.php\/wp-json\/wp\/v2\/tags?post=1411"}],"curies":[{"name":"wp","href":"https:\/\/api.w.org\/{rel}","templated":true}]}}