{"id":2494,"date":"2021-05-16T16:29:41","date_gmt":"2021-05-16T14:29:41","guid":{"rendered":"http:\/\/gtff.se\/?p=2494"},"modified":"2021-05-16T16:29:41","modified_gmt":"2021-05-16T14:29:41","slug":"2494","status":"publish","type":"post","link":"https:\/\/gtff.se\/index.php\/2021\/05\/16\/2494\/","title":{"rendered":""},"content":{"rendered":"\n<p>Besked om \u00e5rets st\u00e4mma<\/p>\n\n\n\n<p>Hej alla grannar i Guldboda!<\/p>\n\n\n\n<p>Tyv\u00e4rr forts\u00e4tter ju pandemin att st\u00e4lla till det f\u00f6r oss alla och styrelsen anser inte att vi nu kan besluta om en st\u00e4mma med fysiskt n\u00e4rvaro i slutet av april som vi hoppats. M\u00e5nga f\u00f6reningar har under det g\u00e5ngna \u00e5ret lyckats bra med att ordna digitala st\u00e4mmor men&nbsp; just fr\u00e5gan om bommar \u00e4r n\u00e5got som vi anser b\u00f6r diskuteras vid en st\u00e4mma d\u00e4r alla har m\u00f6jlighet att delta fysiskt. D\u00e4rf\u00f6r har vi best\u00e4mt att skjuta p\u00e5 \u00e5rsst\u00e4mman till i sommar. Vi t\u00e4nkte f\u00f6rst organisera st\u00e4mman f\u00f6re midsommar men det visar sig av pandemirelaterade sk\u00e4l inte vara m\u00f6jligt att hyra lokaler i Haninge i juni och sv\u00e5rt i Stockholm. Vi har d\u00e4rf\u00f6r beslutat att h\u00e5lla v\u00e5r st\u00e4mma i augusti och d\u00e5 som vanligt tillsammans med V\u00e4gf\u00f6reningen. F\u00f6rberedelserna f\u00f6r GTFF:s st\u00e4mma \u00e4r i princip klara. V\u00e5r kass\u00f6r Elias har med hj\u00e4lp av Lasse T\u00f6rnberg tagit fram resultatr\u00e4kning och bokslut f\u00f6r 2020, det finns en verksamhetsber\u00e4ttelse och revisorerna har f\u00e5tt det de beh\u00f6ver f\u00f6r sitt arbete. Tv\u00e5 motioner har inkommit om att anl\u00e4gga en padelbana respektive en bouleplan. D\u00e4rut\u00f6ver kommer det material som arbetsgruppen tog fram om bommar f\u00f6rst\u00e5s skickas ut igen.&nbsp;<\/p>\n\n\n\n<p>V\u00e5rt f\u00f6rstahandsalternativ \u00e4r att h\u00e5lla st\u00e4mman p\u00e5 Musk\u00f6 <strong>l\u00f6rdagen den 28 augusti kl 14.00<\/strong>. Om det inte blir m\u00f6jligt att hitta en l\u00e4mplig lokal p\u00e5 Musk\u00f6 eller i n\u00e4romr\u00e5det, kommer vi som andrahandsalternativ h\u00e5lla st\u00e4mman i en lokal i Stockholm <strong>tisdagen efter, dvs. den 31 augusti 18.00.<\/strong> Vi satsar p\u00e5 att kallelse och allt material skickas ut redan f\u00f6re midsommar och d\u00e5 med slutlig tid och plats. Som ett sistahandsalternativ om det fortfarande \u00e4r omfattande restriktioner kommer st\u00e4mman h\u00e5llas helt digitalt den 31 augusti. Vi b\u00f6rjar f\u00f6rbereda planeringen f\u00f6r att i s\u00e5 fall g\u00f6ra det p\u00e5 ett s\u00e5 s\u00e4kert och bra s\u00e4tt som m\u00f6jligt och s\u00e5 att alla ska k\u00e4nna att de har m\u00f6jlighet att delta.&nbsp;<\/p>\n\n\n\n<p>Vi har ocks\u00e5 inlett samtal mellan de tv\u00e5 styrelserna om vilka \u00e5tg\u00e4rder som kan vidtas nu i sommar f\u00f6r att minska de st\u00f6rningar som varit framf\u00f6rallt l\u00e4ngs Bergviksv\u00e4gen, vid lianen och p\u00e5 \u00d6rnsand. V\u00e4gf\u00f6reningen har f\u00e5tt tydligt besked fr\u00e5n Trafikverket att s\u00e5 l\u00e4nge vi har statsbidrag f\u00f6r v\u00e4garna f\u00e5r vi inte ha ett allm\u00e4nt parkeringsf\u00f6rbud i omr\u00e5det och inte heller genom fysiska hinder f\u00f6rs\u00e4mra tillg\u00e4ngligheten till v\u00e4garna (t.ex. i de v\u00e4grenar d\u00e4r m\u00e5nga parkerade i somras). Det g\u00f6r att det inte \u00e4r s\u00e5 enkelt att hitta bra \u00e5tg\u00e4rder inf\u00f6r sommaren men diskussionen forts\u00e4tter mellan styrelserna och goda f\u00f6rslag fr\u00e5n alla v\u00e4lkomnas sj\u00e4lvklart. Ett tillf\u00e4lle att byta n\u00e5gra ord om det h\u00e4r kan t.ex. vara i samband med korvgrillning p\u00e5 \u00e4ngen den 24 april vid 12.00 efter gemensamma v\u00e5rst\u00e4dningen!&nbsp;<\/p>\n\n\n\n<p>H\u00e4lsningar fr\u00e5n styrelsen i GTFF&nbsp;<\/p>\n","protected":false},"excerpt":{"rendered":"<p>Besked om \u00e5rets st\u00e4mma Hej alla grannar i Guldboda! Tyv\u00e4rr forts\u00e4tter ju pandemin att st\u00e4lla till det f\u00f6r oss alla och styrelsen anser inte att vi nu kan besluta om en st\u00e4mma med fysiskt n\u00e4rvaro i slutet av april som vi hoppats. M\u00e5nga f\u00f6reningar har under det g\u00e5ngna \u00e5ret lyckats bra med att ordna digitala&#8230;  <a class=\"excerpt-read-more\" href=\"https:\/\/gtff.se\/index.php\/2021\/05\/16\/2494\/\" title=\"Read \">L\u00e4s mera &raquo;<\/a><\/p>\n","protected":false},"author":9,"featured_media":0,"comment_status":"open","ping_status":"open","sticky":false,"template":"","format":"standard","meta":[],"categories":[1],"tags":[],"_links":{"self":[{"href":"https:\/\/gtff.se\/index.php\/wp-json\/wp\/v2\/posts\/2494"}],"collection":[{"href":"https:\/\/gtff.se\/index.php\/wp-json\/wp\/v2\/posts"}],"about":[{"href":"https:\/\/gtff.se\/index.php\/wp-json\/wp\/v2\/types\/post"}],"author":[{"embeddable":true,"href":"https:\/\/gtff.se\/index.php\/wp-json\/wp\/v2\/users\/9"}],"replies":[{"embeddable":true,"href":"https:\/\/gtff.se\/index.php\/wp-json\/wp\/v2\/comments?post=2494"}],"version-history":[{"count":2,"href":"https:\/\/gtff.se\/index.php\/wp-json\/wp\/v2\/posts\/2494\/revisions"}],"predecessor-version":[{"id":2496,"href":"https:\/\/gtff.se\/index.php\/wp-json\/wp\/v2\/posts\/2494\/revisions\/2496"}],"wp:attachment":[{"href":"https:\/\/gtff.se\/index.php\/wp-json\/wp\/v2\/media?parent=2494"}],"wp:term":[{"taxonomy":"category","embeddable":true,"href":"https:\/\/gtff.se\/index.php\/wp-json\/wp\/v2\/categories?post=2494"},{"taxonomy":"post_tag","embeddable":true,"href":"https:\/\/gtff.se\/index.php\/wp-json\/wp\/v2\/tags?post=2494"}],"curies":[{"name":"wp","href":"https:\/\/api.w.org\/{rel}","templated":true}]}}