{"id":2534,"date":"2021-09-05T22:23:38","date_gmt":"2021-09-05T20:23:38","guid":{"rendered":"http:\/\/gtff.se\/?p=2534"},"modified":"2021-09-05T22:40:22","modified_gmt":"2021-09-05T20:40:22","slug":"2534","status":"publish","type":"post","link":"https:\/\/gtff.se\/index.php\/2021\/09\/05\/2534\/","title":{"rendered":""},"content":{"rendered":"\n<h2>\u00c5rsst\u00e4mman 2021 h\u00f6lls tisdagen den 31 augusti med rekordm\u00e5nga registrerade medlemmar<\/h2>\n\n\n\n<p>GTFF:s \u00e5rsst\u00e4mma avh\u00f6lls till slut ca. 4 m\u00e5nader f\u00f6rsenat den 31 augusti i H\u00e4gerstens\u00e5sens medborgarhus. Rekordm\u00e5nga medlemmar deltog eller hade skickat fullmakt och deltog genom ombud. 109 medlemmar var r\u00f6stber\u00e4ttigade (vid m\u00f6tet angavs 106 men en senare genomr\u00e4kning av avprickningslistorna visade 109). Protokoll fr\u00e5n st\u00e4mman kommer l\u00e4ggas ut n\u00e4r det justerats. N\u00e5gra viktiga beslut:<\/p>\n\n\n\n<div class=\"wp-block-columns\">\n<div class=\"wp-block-column\" style=\"flex-basis:100%\">\n<ul><li>St\u00e4mman fattade med tydlig majoritet beslut att inte inf\u00f6ra bommar vid infarterna. <\/li><\/ul>\n\n\n\n<p><\/p>\n\n\n\n<ul><li>Omr\u00f6stningen om att uppl\u00e5ta plats f\u00f6r en padelbana p\u00e5 eller i anslutning till \u00e4ngen slutade med precis lika m\u00e5nga ja- som nejr\u00f6ster. F\u00f6rslaget fr\u00e5n padelgruppen f\u00f6ll d\u00e4rmed och gruppen f\u00e5r arbeta vidare tillsammans med styrelsen om man vill \u00e5terkomma till medlemmarna i fr\u00e5gan om padelanl\u00e4ggning p\u00e5 omr\u00e5det. <\/li><\/ul>\n\n\n\n<p><\/p>\n\n\n\n<ul><li>En boulebana \u00f6ppen f\u00f6r allas anv\u00e4ndning kommer anl\u00e4ggas p\u00e5 \u00e4ngen med finansiellt st\u00f6d fr\u00e5n f\u00f6reningen. <\/li><\/ul>\n\n\n\n<p><\/p>\n\n\n\n<ul><li>Stadge\u00e4ndringar r\u00f6stades igenom en andra g\u00e5ng vilket inneb\u00e4r att \u00e5rsst\u00e4mman 2022 kommer h\u00e5llas juni\/juli och avsikten \u00e4r att den f\u00f6rl\u00e4ggs till Musk\u00f6. Sista datum att skicka in motioner f\u00f6r st\u00e4mman \u00e4r den 1 maj.  <\/li><\/ul>\n\n\n\n<p><\/p>\n<\/div>\n<\/div>\n\n\n\n<p>Camilla Carlesson avgick och avtackades fr\u00e5n styrelsen efter fyra \u00e5r och Mikael Carleson valdes in i hennes st\u00e4lle. Under kommande \u00e5r best\u00e5r d\u00e4rmed styrelsen av Filippa Arvas Olsson (ordf), Elias Ahlenius (kass\u00f6r), Christian Berggren, Jan Westerberg och Mikael Carleson<\/p>\n\n\n","protected":false},"excerpt":{"rendered":"<p>\u00c5rsst\u00e4mman 2021 h\u00f6lls tisdagen den 31 augusti med rekordm\u00e5nga registrerade medlemmar GTFF:s \u00e5rsst\u00e4mma avh\u00f6lls till slut ca. 4 m\u00e5nader f\u00f6rsenat den 31 augusti i H\u00e4gerstens\u00e5sens medborgarhus. Rekordm\u00e5nga medlemmar deltog eller hade skickat fullmakt och deltog genom ombud. 109 medlemmar var r\u00f6stber\u00e4ttigade (vid m\u00f6tet angavs 106 men en senare genomr\u00e4kning av avprickningslistorna visade 109). Protokoll fr\u00e5n&#8230;  <a class=\"excerpt-read-more\" href=\"https:\/\/gtff.se\/index.php\/2021\/09\/05\/2534\/\" title=\"Read \">L\u00e4s mera &raquo;<\/a><\/p>\n","protected":false},"author":9,"featured_media":0,"comment_status":"open","ping_status":"open","sticky":false,"template":"","format":"standard","meta":[],"categories":[1],"tags":[],"_links":{"self":[{"href":"https:\/\/gtff.se\/index.php\/wp-json\/wp\/v2\/posts\/2534"}],"collection":[{"href":"https:\/\/gtff.se\/index.php\/wp-json\/wp\/v2\/posts"}],"about":[{"href":"https:\/\/gtff.se\/index.php\/wp-json\/wp\/v2\/types\/post"}],"author":[{"embeddable":true,"href":"https:\/\/gtff.se\/index.php\/wp-json\/wp\/v2\/users\/9"}],"replies":[{"embeddable":true,"href":"https:\/\/gtff.se\/index.php\/wp-json\/wp\/v2\/comments?post=2534"}],"version-history":[{"count":9,"href":"https:\/\/gtff.se\/index.php\/wp-json\/wp\/v2\/posts\/2534\/revisions"}],"predecessor-version":[{"id":2543,"href":"https:\/\/gtff.se\/index.php\/wp-json\/wp\/v2\/posts\/2534\/revisions\/2543"}],"wp:attachment":[{"href":"https:\/\/gtff.se\/index.php\/wp-json\/wp\/v2\/media?parent=2534"}],"wp:term":[{"taxonomy":"category","embeddable":true,"href":"https:\/\/gtff.se\/index.php\/wp-json\/wp\/v2\/categories?post=2534"},{"taxonomy":"post_tag","embeddable":true,"href":"https:\/\/gtff.se\/index.php\/wp-json\/wp\/v2\/tags?post=2534"}],"curies":[{"name":"wp","href":"https:\/\/api.w.org\/{rel}","templated":true}]}}