{"id":2614,"date":"2022-08-17T21:26:23","date_gmt":"2022-08-17T19:26:23","guid":{"rendered":"https:\/\/gtff.se\/?p=2614"},"modified":"2022-08-17T21:26:23","modified_gmt":"2022-08-17T19:26:23","slug":"hoststadningen-2022-flyttad-till-andra-helgen-i-oktober-dvs-lordagen-den-8-oktober","status":"publish","type":"post","link":"https:\/\/gtff.se\/index.php\/2022\/08\/17\/hoststadningen-2022-flyttad-till-andra-helgen-i-oktober-dvs-lordagen-den-8-oktober\/","title":{"rendered":"H\u00f6stst\u00e4dningen 2022 flyttad till ANDRA HELGEN  i oktober &#8211; dvs l\u00f6rdagen den 8 oktober"},"content":{"rendered":"\n<p>I \u00e5r har vi insett att vi har samma problem som f\u00f6rra \u00e5ret, dvs att st\u00e4dhelgen som traditionellt infaller den f\u00f6rsta helgen i oktober, inte \u00e4r synkroniserad med Haninge kommuns eldningsveckor. Det h\u00e4nder vissa \u00e5r och tidigare har vi d\u00e5 alltid haft m\u00f6jlighet att l\u00e4tt f\u00e5 dispens f\u00f6r eldning men det g\u00e4ller inte l\u00e4ngre. Vi har d\u00e4rf\u00f6r bed\u00f6mt att det b\u00e4sta blir att flytta st\u00e4dhelgen till veckan efter, dvs. l\u00f6rdagen den 8 oktober. Vi hoppas att det h\u00e4r inte st\u00e4ller till det f\u00f6r er! Mer information kommer, men som vanligt kommer det vara samling vid 9 i de olika kvarteren f\u00f6r f\u00f6rdelning av arbetsuppgifter. <\/p>\n\n\n\n<p><\/p>\n","protected":false},"excerpt":{"rendered":"<p>I \u00e5r har vi insett att vi har samma problem som f\u00f6rra \u00e5ret, dvs att st\u00e4dhelgen som traditionellt infaller den f\u00f6rsta helgen i oktober, inte \u00e4r synkroniserad med Haninge kommuns eldningsveckor. Det h\u00e4nder vissa \u00e5r och tidigare har vi d\u00e5 alltid haft m\u00f6jlighet att l\u00e4tt f\u00e5 dispens f\u00f6r eldning men det g\u00e4ller inte l\u00e4ngre. Vi&#8230;  <a class=\"excerpt-read-more\" href=\"https:\/\/gtff.se\/index.php\/2022\/08\/17\/hoststadningen-2022-flyttad-till-andra-helgen-i-oktober-dvs-lordagen-den-8-oktober\/\" title=\"Read H\u00f6stst\u00e4dningen 2022 flyttad till ANDRA HELGEN  i oktober &#8211; dvs l\u00f6rdagen den 8 oktober\">L\u00e4s mera &raquo;<\/a><\/p>\n","protected":false},"author":9,"featured_media":0,"comment_status":"open","ping_status":"open","sticky":false,"template":"","format":"standard","meta":[],"categories":[1],"tags":[],"_links":{"self":[{"href":"https:\/\/gtff.se\/index.php\/wp-json\/wp\/v2\/posts\/2614"}],"collection":[{"href":"https:\/\/gtff.se\/index.php\/wp-json\/wp\/v2\/posts"}],"about":[{"href":"https:\/\/gtff.se\/index.php\/wp-json\/wp\/v2\/types\/post"}],"author":[{"embeddable":true,"href":"https:\/\/gtff.se\/index.php\/wp-json\/wp\/v2\/users\/9"}],"replies":[{"embeddable":true,"href":"https:\/\/gtff.se\/index.php\/wp-json\/wp\/v2\/comments?post=2614"}],"version-history":[{"count":2,"href":"https:\/\/gtff.se\/index.php\/wp-json\/wp\/v2\/posts\/2614\/revisions"}],"predecessor-version":[{"id":2616,"href":"https:\/\/gtff.se\/index.php\/wp-json\/wp\/v2\/posts\/2614\/revisions\/2616"}],"wp:attachment":[{"href":"https:\/\/gtff.se\/index.php\/wp-json\/wp\/v2\/media?parent=2614"}],"wp:term":[{"taxonomy":"category","embeddable":true,"href":"https:\/\/gtff.se\/index.php\/wp-json\/wp\/v2\/categories?post=2614"},{"taxonomy":"post_tag","embeddable":true,"href":"https:\/\/gtff.se\/index.php\/wp-json\/wp\/v2\/tags?post=2614"}],"curies":[{"name":"wp","href":"https:\/\/api.w.org\/{rel}","templated":true}]}}